{"id":48329,"date":"2023-03-16T15:37:24","date_gmt":"2023-03-16T18:37:24","guid":{"rendered":"https:\/\/safras.com.br\/?p=48329"},"modified":"2023-03-16T15:37:24","modified_gmt":"2023-03-16T18:37:24","slug":"bolsa-de-buenos-aires-recorta-estimacion-de-produccion-de-maiz-en-argentina-para-36-mi-ton","status":"publish","type":"post","link":"https:\/\/dev.novo.safras.com.br\/es\/bolsa-de-buenos-aires-recorta-estimacion-de-produccion-de-maiz-en-argentina-para-36-mi-ton\/","title":{"rendered":"Bolsa de Buenos Aires recorta estimaci\u00f3n de producci\u00f3n de ma\u00edz en Argentina para 36 mi ton"},"content":{"rendered":"\n<p>La Bolsa de Cereales de Buenos Aires recort\u00f3 su proyecci\u00f3n de producci\u00f3n para el ma\u00edz para la Argentina de la campa\u00f1a 2022\/23 para 36 millones de toneladas, una disminuci\u00f3n interanual de producci\u00f3n de 30,8%<\/p>\n\n\n\n<p>Este volumen representa en n\u00fameros absolutos, 16.000.000 Tn menos que las recolectadas la campa\u00f1a anterior (Campa\u00f1a 2021\/22: 52 MTn). Mientras, lluvias puntuales mantienen la condici\u00f3n del cultivo en el norte y sur del \u00e1rea agr\u00edcola nacional.<\/p>\n\n\n\n<p>La entidad explic\u00f3 que durante los \u00faltimos siete d\u00edas, la ola de calor contin\u00fao afectando el potencial de rendimiento de los cuadros tard\u00edos del cereal. Sumado a la baja en la expectativa de rinde de estos lotes, la cosecha de planteos tempranos reporta rindes que se ubican como los m\u00e1s bajos desde el ciclo 2000\/01.<\/p>\n\n\n\n<p><\/p>\n","protected":false},"excerpt":{"rendered":"<p>La Bolsa de Cereales de Buenos Aires recort\u00f3 su proyecci\u00f3n de producci\u00f3n para el ma\u00edz para la Argentina de la campa\u00f1a 2022\/23 para 36 millones de toneladas, una disminuci\u00f3n interanual de producci\u00f3n de 30,8% Este volumen representa en n\u00fameros absolutos, 16.000.000 Tn menos que las recolectadas la campa\u00f1a anterior (Campa\u00f1a 2021\/22: 52 MTn). Mientras, lluvias [&hellip;]<\/p>\n","protected":false},"author":19,"featured_media":63915,"comment_status":"closed","ping_status":"open","sticky":false,"template":"","format":"standard","meta":{"_acf_changed":false,"footnotes":""},"categories":[267],"tags":[],"commodity":[],"class_list":["post-48329","post","type-post","status-publish","format-standard","has-post-thumbnail","hentry","category-agronegocio-es"],"acf":[],"yoast_head":"<!-- This site is optimized with the Yoast SEO plugin v23.1 - https:\/\/yoast.com\/wordpress\/plugins\/seo\/ -->\n<title>Bolsa de Buenos Aires recorta estimaci\u00f3n de producci\u00f3n de ma\u00edz en Argentina para 36 mi ton - SAFRAS &amp; Mercado<\/title>\n<meta name=\"robots\" content=\"noindex, follow, max-snippet:-1, max-image-preview:large, max-video-preview:-1\" \/>\n<meta property=\"og:locale\" content=\"es_ES\" \/>\n<meta property=\"og:type\" content=\"article\" \/>\n<meta property=\"og:title\" content=\"Bolsa de Buenos Aires recorta estimaci\u00f3n de producci\u00f3n de ma\u00edz en Argentina para 36 mi ton - SAFRAS &amp; Mercado\" \/>\n<meta property=\"og:description\" content=\"La Bolsa de Cereales de Buenos Aires recort\u00f3 su proyecci\u00f3n de producci\u00f3n para el ma\u00edz para la Argentina de la campa\u00f1a 2022\/23 para 36 millones de toneladas, una disminuci\u00f3n interanual de producci\u00f3n de 30,8% Este volumen representa en n\u00fameros absolutos, 16.000.000 Tn menos que las recolectadas la campa\u00f1a anterior (Campa\u00f1a 2021\/22: 52 MTn). Mientras, lluvias [&hellip;]\" \/>\n<meta property=\"og:url\" content=\"https:\/\/dev.novo.safras.com.br\/es\/bolsa-de-buenos-aires-recorta-estimacion-de-produccion-de-maiz-en-argentina-para-36-mi-ton\/\" \/>\n<meta property=\"og:site_name\" content=\"SAFRAS &amp; Mercado\" \/>\n<meta property=\"article:published_time\" content=\"2023-03-16T18:37:24+00:00\" \/>\n<meta property=\"og:image\" content=\"https:\/\/dev.novo.safras.com.br\/es\/wp-content\/uploads\/2023\/03\/maiz2-2.jpg\" \/>\n\t<meta property=\"og:image:width\" content=\"640\" \/>\n\t<meta property=\"og:image:height\" content=\"427\" \/>\n\t<meta property=\"og:image:type\" content=\"image\/jpeg\" \/>\n<meta name=\"author\" content=\"Julieta Marino\" \/>\n<meta name=\"twitter:card\" content=\"summary_large_image\" \/>\n<meta name=\"twitter:label1\" content=\"Escrito por\" \/>\n\t<meta name=\"twitter:data1\" content=\"Julieta Marino\" \/>\n\t<meta name=\"twitter:label2\" content=\"Tiempo de lectura\" \/>\n\t<meta name=\"twitter:data2\" content=\"1 minuto\" \/>\n<script type=\"application\/ld+json\" class=\"yoast-schema-graph\">{\"@context\":\"https:\/\/schema.org\",\"@graph\":[{\"@type\":\"WebPage\",\"@id\":\"https:\/\/dev.novo.safras.com.br\/es\/bolsa-de-buenos-aires-recorta-estimacion-de-produccion-de-maiz-en-argentina-para-36-mi-ton\/\",\"url\":\"https:\/\/dev.novo.safras.com.br\/es\/bolsa-de-buenos-aires-recorta-estimacion-de-produccion-de-maiz-en-argentina-para-36-mi-ton\/\",\"name\":\"Bolsa de Buenos Aires recorta estimaci\u00f3n de producci\u00f3n de ma\u00edz en Argentina para 36 mi ton - SAFRAS &amp; Mercado\",\"isPartOf\":{\"@id\":\"https:\/\/dev.novo.safras.com.br\/es\/#website\"},\"primaryImageOfPage\":{\"@id\":\"https:\/\/dev.novo.safras.com.br\/es\/bolsa-de-buenos-aires-recorta-estimacion-de-produccion-de-maiz-en-argentina-para-36-mi-ton\/#primaryimage\"},\"image\":{\"@id\":\"https:\/\/dev.novo.safras.com.br\/es\/bolsa-de-buenos-aires-recorta-estimacion-de-produccion-de-maiz-en-argentina-para-36-mi-ton\/#primaryimage\"},\"thumbnailUrl\":\"https:\/\/dev.novo.safras.com.br\/es\/wp-content\/uploads\/2023\/03\/maiz2-2.jpg\",\"datePublished\":\"2023-03-16T18:37:24+00:00\",\"dateModified\":\"2023-03-16T18:37:24+00:00\",\"author\":{\"@id\":\"https:\/\/dev.novo.safras.com.br\/es\/#\/schema\/person\/3416d9a13f71584c19d44af415b80774\"},\"breadcrumb\":{\"@id\":\"https:\/\/dev.novo.safras.com.br\/es\/bolsa-de-buenos-aires-recorta-estimacion-de-produccion-de-maiz-en-argentina-para-36-mi-ton\/#breadcrumb\"},\"inLanguage\":\"es\",\"potentialAction\":[{\"@type\":\"ReadAction\",\"target\":[\"https:\/\/dev.novo.safras.com.br\/es\/bolsa-de-buenos-aires-recorta-estimacion-de-produccion-de-maiz-en-argentina-para-36-mi-ton\/\"]}]},{\"@type\":\"ImageObject\",\"inLanguage\":\"es\",\"@id\":\"https:\/\/dev.novo.safras.com.br\/es\/bolsa-de-buenos-aires-recorta-estimacion-de-produccion-de-maiz-en-argentina-para-36-mi-ton\/#primaryimage\",\"url\":\"https:\/\/dev.novo.safras.com.br\/es\/wp-content\/uploads\/2023\/03\/maiz2-2.jpg\",\"contentUrl\":\"https:\/\/dev.novo.safras.com.br\/es\/wp-content\/uploads\/2023\/03\/maiz2-2.jpg\",\"width\":640,\"height\":427,\"caption\":\"Ma\u00edz \/ Pixabay\"},{\"@type\":\"BreadcrumbList\",\"@id\":\"https:\/\/dev.novo.safras.com.br\/es\/bolsa-de-buenos-aires-recorta-estimacion-de-produccion-de-maiz-en-argentina-para-36-mi-ton\/#breadcrumb\",\"itemListElement\":[{\"@type\":\"ListItem\",\"position\":1,\"name\":\"Portada\",\"item\":\"https:\/\/dev.novo.safras.com.br\/es\/\"},{\"@type\":\"ListItem\",\"position\":2,\"name\":\"Bolsa de Buenos Aires recorta estimaci\u00f3n de producci\u00f3n de ma\u00edz en Argentina para 36 mi ton\"}]},{\"@type\":\"WebSite\",\"@id\":\"https:\/\/dev.novo.safras.com.br\/es\/#website\",\"url\":\"https:\/\/dev.novo.safras.com.br\/es\/\",\"name\":\"SAFRAS &amp; Mercado\",\"description\":\"El ecosistema de agronegocios\",\"potentialAction\":[{\"@type\":\"SearchAction\",\"target\":{\"@type\":\"EntryPoint\",\"urlTemplate\":\"https:\/\/dev.novo.safras.com.br\/es\/?s={search_term_string}\"},\"query-input\":\"required name=search_term_string\"}],\"inLanguage\":\"es\"},{\"@type\":\"Person\",\"@id\":\"https:\/\/dev.novo.safras.com.br\/es\/#\/schema\/person\/3416d9a13f71584c19d44af415b80774\",\"name\":\"Julieta Marino\",\"image\":{\"@type\":\"ImageObject\",\"inLanguage\":\"es\",\"@id\":\"https:\/\/dev.novo.safras.com.br\/es\/#\/schema\/person\/image\/\",\"url\":\"https:\/\/secure.gravatar.com\/avatar\/edb9a909cb969bf70267c5bad4733db348b286011e3a47666fcbe2263cd5c089?s=96&d=mm&r=g\",\"contentUrl\":\"https:\/\/secure.gravatar.com\/avatar\/edb9a909cb969bf70267c5bad4733db348b286011e3a47666fcbe2263cd5c089?s=96&d=mm&r=g\",\"caption\":\"Julieta Marino\"},\"url\":\"https:\/\/dev.novo.safras.com.br\/es\/author\/sf_julieta\/\"}]}<\/script>\n<!-- \/ Yoast SEO plugin. -->","yoast_head_json":{"title":"Bolsa de Buenos Aires recorta estimaci\u00f3n de producci\u00f3n de ma\u00edz en Argentina para 36 mi ton - SAFRAS &amp; Mercado","robots":{"index":"noindex","follow":"follow","max-snippet":"max-snippet:-1","max-image-preview":"max-image-preview:large","max-video-preview":"max-video-preview:-1"},"og_locale":"es_ES","og_type":"article","og_title":"Bolsa de Buenos Aires recorta estimaci\u00f3n de producci\u00f3n de ma\u00edz en Argentina para 36 mi ton - SAFRAS &amp; Mercado","og_description":"La Bolsa de Cereales de Buenos Aires recort\u00f3 su proyecci\u00f3n de producci\u00f3n para el ma\u00edz para la Argentina de la campa\u00f1a 2022\/23 para 36 millones de toneladas, una disminuci\u00f3n interanual de producci\u00f3n de 30,8% Este volumen representa en n\u00fameros absolutos, 16.000.000 Tn menos que las recolectadas la campa\u00f1a anterior (Campa\u00f1a 2021\/22: 52 MTn). Mientras, lluvias [&hellip;]","og_url":"https:\/\/dev.novo.safras.com.br\/es\/bolsa-de-buenos-aires-recorta-estimacion-de-produccion-de-maiz-en-argentina-para-36-mi-ton\/","og_site_name":"SAFRAS &amp; Mercado","article_published_time":"2023-03-16T18:37:24+00:00","og_image":[{"width":640,"height":427,"url":"https:\/\/dev.novo.safras.com.br\/es\/wp-content\/uploads\/2023\/03\/maiz2-2.jpg","type":"image\/jpeg"}],"author":"Julieta Marino","twitter_card":"summary_large_image","twitter_misc":{"Escrito por":"Julieta Marino","Tiempo de lectura":"1 minuto"},"schema":{"@context":"https:\/\/schema.org","@graph":[{"@type":"WebPage","@id":"https:\/\/dev.novo.safras.com.br\/es\/bolsa-de-buenos-aires-recorta-estimacion-de-produccion-de-maiz-en-argentina-para-36-mi-ton\/","url":"https:\/\/dev.novo.safras.com.br\/es\/bolsa-de-buenos-aires-recorta-estimacion-de-produccion-de-maiz-en-argentina-para-36-mi-ton\/","name":"Bolsa de Buenos Aires recorta estimaci\u00f3n de producci\u00f3n de ma\u00edz en Argentina para 36 mi ton - SAFRAS &amp; Mercado","isPartOf":{"@id":"https:\/\/dev.novo.safras.com.br\/es\/#website"},"primaryImageOfPage":{"@id":"https:\/\/dev.novo.safras.com.br\/es\/bolsa-de-buenos-aires-recorta-estimacion-de-produccion-de-maiz-en-argentina-para-36-mi-ton\/#primaryimage"},"image":{"@id":"https:\/\/dev.novo.safras.com.br\/es\/bolsa-de-buenos-aires-recorta-estimacion-de-produccion-de-maiz-en-argentina-para-36-mi-ton\/#primaryimage"},"thumbnailUrl":"https:\/\/dev.novo.safras.com.br\/es\/wp-content\/uploads\/2023\/03\/maiz2-2.jpg","datePublished":"2023-03-16T18:37:24+00:00","dateModified":"2023-03-16T18:37:24+00:00","author":{"@id":"https:\/\/dev.novo.safras.com.br\/es\/#\/schema\/person\/3416d9a13f71584c19d44af415b80774"},"breadcrumb":{"@id":"https:\/\/dev.novo.safras.com.br\/es\/bolsa-de-buenos-aires-recorta-estimacion-de-produccion-de-maiz-en-argentina-para-36-mi-ton\/#breadcrumb"},"inLanguage":"es","potentialAction":[{"@type":"ReadAction","target":["https:\/\/dev.novo.safras.com.br\/es\/bolsa-de-buenos-aires-recorta-estimacion-de-produccion-de-maiz-en-argentina-para-36-mi-ton\/"]}]},{"@type":"ImageObject","inLanguage":"es","@id":"https:\/\/dev.novo.safras.com.br\/es\/bolsa-de-buenos-aires-recorta-estimacion-de-produccion-de-maiz-en-argentina-para-36-mi-ton\/#primaryimage","url":"https:\/\/dev.novo.safras.com.br\/es\/wp-content\/uploads\/2023\/03\/maiz2-2.jpg","contentUrl":"https:\/\/dev.novo.safras.com.br\/es\/wp-content\/uploads\/2023\/03\/maiz2-2.jpg","width":640,"height":427,"caption":"Ma\u00edz \/ Pixabay"},{"@type":"BreadcrumbList","@id":"https:\/\/dev.novo.safras.com.br\/es\/bolsa-de-buenos-aires-recorta-estimacion-de-produccion-de-maiz-en-argentina-para-36-mi-ton\/#breadcrumb","itemListElement":[{"@type":"ListItem","position":1,"name":"Portada","item":"https:\/\/dev.novo.safras.com.br\/es\/"},{"@type":"ListItem","position":2,"name":"Bolsa de Buenos Aires recorta estimaci\u00f3n de producci\u00f3n de ma\u00edz en Argentina para 36 mi ton"}]},{"@type":"WebSite","@id":"https:\/\/dev.novo.safras.com.br\/es\/#website","url":"https:\/\/dev.novo.safras.com.br\/es\/","name":"SAFRAS &amp; Mercado","description":"El ecosistema de agronegocios","potentialAction":[{"@type":"SearchAction","target":{"@type":"EntryPoint","urlTemplate":"https:\/\/dev.novo.safras.com.br\/es\/?s={search_term_string}"},"query-input":"required name=search_term_string"}],"inLanguage":"es"},{"@type":"Person","@id":"https:\/\/dev.novo.safras.com.br\/es\/#\/schema\/person\/3416d9a13f71584c19d44af415b80774","name":"Julieta Marino","image":{"@type":"ImageObject","inLanguage":"es","@id":"https:\/\/dev.novo.safras.com.br\/es\/#\/schema\/person\/image\/","url":"https:\/\/secure.gravatar.com\/avatar\/edb9a909cb969bf70267c5bad4733db348b286011e3a47666fcbe2263cd5c089?s=96&d=mm&r=g","contentUrl":"https:\/\/secure.gravatar.com\/avatar\/edb9a909cb969bf70267c5bad4733db348b286011e3a47666fcbe2263cd5c089?s=96&d=mm&r=g","caption":"Julieta Marino"},"url":"https:\/\/dev.novo.safras.com.br\/es\/author\/sf_julieta\/"}]}},"_links":{"self":[{"href":"https:\/\/dev.novo.safras.com.br\/es\/wp-json\/wp\/v2\/posts\/48329","targetHints":{"allow":["GET"]}}],"collection":[{"href":"https:\/\/dev.novo.safras.com.br\/es\/wp-json\/wp\/v2\/posts"}],"about":[{"href":"https:\/\/dev.novo.safras.com.br\/es\/wp-json\/wp\/v2\/types\/post"}],"author":[{"embeddable":true,"href":"https:\/\/dev.novo.safras.com.br\/es\/wp-json\/wp\/v2\/users\/19"}],"replies":[{"embeddable":true,"href":"https:\/\/dev.novo.safras.com.br\/es\/wp-json\/wp\/v2\/comments?post=48329"}],"version-history":[{"count":0,"href":"https:\/\/dev.novo.safras.com.br\/es\/wp-json\/wp\/v2\/posts\/48329\/revisions"}],"wp:featuredmedia":[{"embeddable":true,"href":"https:\/\/dev.novo.safras.com.br\/es\/wp-json\/wp\/v2\/media\/63915"}],"wp:attachment":[{"href":"https:\/\/dev.novo.safras.com.br\/es\/wp-json\/wp\/v2\/media?parent=48329"}],"wp:term":[{"taxonomy":"category","embeddable":true,"href":"https:\/\/dev.novo.safras.com.br\/es\/wp-json\/wp\/v2\/categories?post=48329"},{"taxonomy":"post_tag","embeddable":true,"href":"https:\/\/dev.novo.safras.com.br\/es\/wp-json\/wp\/v2\/tags?post=48329"},{"taxonomy":"commodity","embeddable":true,"href":"https:\/\/dev.novo.safras.com.br\/es\/wp-json\/wp\/v2\/commodity?post=48329"}],"curies":[{"name":"wp","href":"https:\/\/api.w.org\/{rel}","templated":true}]}}