{"id":47091,"date":"2023-02-03T15:47:50","date_gmt":"2023-02-03T18:47:50","guid":{"rendered":"https:\/\/safras.com.br\/?p=47091"},"modified":"2023-02-03T15:47:50","modified_gmt":"2023-02-03T18:47:50","slug":"ingreso-de-camiones-con-trigo-al-gran-rosario-en-campana-22-23-cae-80-en-base-anual","status":"publish","type":"post","link":"https:\/\/dev.novo.safras.com.br\/es\/ingreso-de-camiones-con-trigo-al-gran-rosario-en-campana-22-23-cae-80-en-base-anual\/","title":{"rendered":"Ingreso de camiones con trigo al Gran Rosario en campa\u00f1a 22\/23 cae 80% en base anual"},"content":{"rendered":"\n<p>Entre el 1 de diciembre y el 26 de enero, el ingreso de camiones con trigo al Gran Rosario se encuentra un 83% por debajo del promedio de los \u00faltimos cinco a\u00f1os, con 484.440 toneladas, inform\u00f3 la Bolsa de Comercio de Rosario (BCR) con estimaciones propias y del Centro de entregadores de cereales, oleaginosos y afines (CECOA).<\/p>\n\n\n\n<p>Esto represent\u00f3 el menor volumen desde el a\u00f1o 2013 y el segundo m\u00e1s bajo desde el inicio de los registros en el a\u00f1o 2001.<\/p>\n\n\n\n<p>Los precios internos del cereal en la campa\u00f1a actual, medidas en d\u00f3lares y convertidas al tipo de cambio oficial del Banco Naci\u00f3n, a\u00fan se mantienen por encima de las registradas a la misma altura de las cinco campa\u00f1as anteriores.<\/p>\n\n\n\n<p><\/p>\n","protected":false},"excerpt":{"rendered":"<p>Entre el 1 de diciembre y el 26 de enero, el ingreso de camiones con trigo al Gran Rosario se encuentra un 83% por debajo del promedio de los \u00faltimos cinco a\u00f1os, con 484.440 toneladas, inform\u00f3 la Bolsa de Comercio de Rosario (BCR) con estimaciones propias y del Centro de entregadores de cereales, oleaginosos y [&hellip;]<\/p>\n","protected":false},"author":13,"featured_media":63884,"comment_status":"closed","ping_status":"open","sticky":false,"template":"","format":"standard","meta":{"_acf_changed":false,"footnotes":""},"categories":[267],"tags":[221],"commodity":[],"class_list":["post-47091","post","type-post","status-publish","format-standard","has-post-thumbnail","hentry","category-agronegocio-es","tag-trigo-es"],"acf":[],"yoast_head":"<!-- This site is optimized with the Yoast SEO plugin v23.1 - https:\/\/yoast.com\/wordpress\/plugins\/seo\/ -->\n<title>Ingreso de camiones con trigo al Gran Rosario en campa\u00f1a 22\/23 cae 80% en base anual - SAFRAS &amp; Mercado<\/title>\n<meta name=\"robots\" content=\"noindex, follow, max-snippet:-1, max-image-preview:large, max-video-preview:-1\" \/>\n<meta property=\"og:locale\" content=\"es_ES\" \/>\n<meta property=\"og:type\" content=\"article\" \/>\n<meta property=\"og:title\" content=\"Ingreso de camiones con trigo al Gran Rosario en campa\u00f1a 22\/23 cae 80% en base anual - SAFRAS &amp; Mercado\" \/>\n<meta property=\"og:description\" content=\"Entre el 1 de diciembre y el 26 de enero, el ingreso de camiones con trigo al Gran Rosario se encuentra un 83% por debajo del promedio de los \u00faltimos cinco a\u00f1os, con 484.440 toneladas, inform\u00f3 la Bolsa de Comercio de Rosario (BCR) con estimaciones propias y del Centro de entregadores de cereales, oleaginosos y [&hellip;]\" \/>\n<meta property=\"og:url\" content=\"https:\/\/dev.novo.safras.com.br\/es\/ingreso-de-camiones-con-trigo-al-gran-rosario-en-campana-22-23-cae-80-en-base-anual\/\" \/>\n<meta property=\"og:site_name\" content=\"SAFRAS &amp; Mercado\" \/>\n<meta property=\"article:published_time\" content=\"2023-02-03T18:47:50+00:00\" \/>\n<meta property=\"og:image\" content=\"https:\/\/dev.novo.safras.com.br\/es\/wp-content\/uploads\/2022\/06\/TRIGO-Pixabay5-1.jpg\" \/>\n\t<meta property=\"og:image:width\" content=\"612\" \/>\n\t<meta property=\"og:image:height\" content=\"459\" \/>\n\t<meta property=\"og:image:type\" content=\"image\/jpeg\" \/>\n<meta name=\"author\" content=\"Horacio Vera\" \/>\n<meta name=\"twitter:card\" content=\"summary_large_image\" \/>\n<meta name=\"twitter:label1\" content=\"Escrito por\" \/>\n\t<meta name=\"twitter:data1\" content=\"Horacio Vera\" \/>\n\t<meta name=\"twitter:label2\" content=\"Tiempo de lectura\" \/>\n\t<meta name=\"twitter:data2\" content=\"1 minuto\" \/>\n<script type=\"application\/ld+json\" class=\"yoast-schema-graph\">{\"@context\":\"https:\/\/schema.org\",\"@graph\":[{\"@type\":\"WebPage\",\"@id\":\"https:\/\/dev.novo.safras.com.br\/es\/ingreso-de-camiones-con-trigo-al-gran-rosario-en-campana-22-23-cae-80-en-base-anual\/\",\"url\":\"https:\/\/dev.novo.safras.com.br\/es\/ingreso-de-camiones-con-trigo-al-gran-rosario-en-campana-22-23-cae-80-en-base-anual\/\",\"name\":\"Ingreso de camiones con trigo al Gran Rosario en campa\u00f1a 22\/23 cae 80% en base anual - SAFRAS &amp; Mercado\",\"isPartOf\":{\"@id\":\"https:\/\/dev.novo.safras.com.br\/es\/#website\"},\"primaryImageOfPage\":{\"@id\":\"https:\/\/dev.novo.safras.com.br\/es\/ingreso-de-camiones-con-trigo-al-gran-rosario-en-campana-22-23-cae-80-en-base-anual\/#primaryimage\"},\"image\":{\"@id\":\"https:\/\/dev.novo.safras.com.br\/es\/ingreso-de-camiones-con-trigo-al-gran-rosario-en-campana-22-23-cae-80-en-base-anual\/#primaryimage\"},\"thumbnailUrl\":\"https:\/\/dev.novo.safras.com.br\/es\/wp-content\/uploads\/2022\/06\/TRIGO-Pixabay5-1.jpg\",\"datePublished\":\"2023-02-03T18:47:50+00:00\",\"dateModified\":\"2023-02-03T18:47:50+00:00\",\"author\":{\"@id\":\"https:\/\/dev.novo.safras.com.br\/es\/#\/schema\/person\/8a6e0df178260e340253292bf04da747\"},\"breadcrumb\":{\"@id\":\"https:\/\/dev.novo.safras.com.br\/es\/ingreso-de-camiones-con-trigo-al-gran-rosario-en-campana-22-23-cae-80-en-base-anual\/#breadcrumb\"},\"inLanguage\":\"es\",\"potentialAction\":[{\"@type\":\"ReadAction\",\"target\":[\"https:\/\/dev.novo.safras.com.br\/es\/ingreso-de-camiones-con-trigo-al-gran-rosario-en-campana-22-23-cae-80-en-base-anual\/\"]}]},{\"@type\":\"ImageObject\",\"inLanguage\":\"es\",\"@id\":\"https:\/\/dev.novo.safras.com.br\/es\/ingreso-de-camiones-con-trigo-al-gran-rosario-en-campana-22-23-cae-80-en-base-anual\/#primaryimage\",\"url\":\"https:\/\/dev.novo.safras.com.br\/es\/wp-content\/uploads\/2022\/06\/TRIGO-Pixabay5-1.jpg\",\"contentUrl\":\"https:\/\/dev.novo.safras.com.br\/es\/wp-content\/uploads\/2022\/06\/TRIGO-Pixabay5-1.jpg\",\"width\":612,\"height\":459,\"caption\":\"Trigo \/ Pixabay\"},{\"@type\":\"BreadcrumbList\",\"@id\":\"https:\/\/dev.novo.safras.com.br\/es\/ingreso-de-camiones-con-trigo-al-gran-rosario-en-campana-22-23-cae-80-en-base-anual\/#breadcrumb\",\"itemListElement\":[{\"@type\":\"ListItem\",\"position\":1,\"name\":\"Portada\",\"item\":\"https:\/\/dev.novo.safras.com.br\/es\/\"},{\"@type\":\"ListItem\",\"position\":2,\"name\":\"Ingreso de camiones con trigo al Gran Rosario en campa\u00f1a 22\/23 cae 80% en base anual\"}]},{\"@type\":\"WebSite\",\"@id\":\"https:\/\/dev.novo.safras.com.br\/es\/#website\",\"url\":\"https:\/\/dev.novo.safras.com.br\/es\/\",\"name\":\"SAFRAS &amp; Mercado\",\"description\":\"El ecosistema de agronegocios\",\"potentialAction\":[{\"@type\":\"SearchAction\",\"target\":{\"@type\":\"EntryPoint\",\"urlTemplate\":\"https:\/\/dev.novo.safras.com.br\/es\/?s={search_term_string}\"},\"query-input\":\"required name=search_term_string\"}],\"inLanguage\":\"es\"},{\"@type\":\"Person\",\"@id\":\"https:\/\/dev.novo.safras.com.br\/es\/#\/schema\/person\/8a6e0df178260e340253292bf04da747\",\"name\":\"Horacio Vera\",\"image\":{\"@type\":\"ImageObject\",\"inLanguage\":\"es\",\"@id\":\"https:\/\/dev.novo.safras.com.br\/es\/#\/schema\/person\/image\/\",\"url\":\"https:\/\/secure.gravatar.com\/avatar\/bc30669cd90fb2e21304f48bfae82357e2f9224933e78600478745d017747a8f?s=96&d=mm&r=g\",\"contentUrl\":\"https:\/\/secure.gravatar.com\/avatar\/bc30669cd90fb2e21304f48bfae82357e2f9224933e78600478745d017747a8f?s=96&d=mm&r=g\",\"caption\":\"Horacio Vera\"},\"url\":\"https:\/\/dev.novo.safras.com.br\/es\/author\/sf_horacio\/\"}]}<\/script>\n<!-- \/ Yoast SEO plugin. -->","yoast_head_json":{"title":"Ingreso de camiones con trigo al Gran Rosario en campa\u00f1a 22\/23 cae 80% en base anual - SAFRAS &amp; Mercado","robots":{"index":"noindex","follow":"follow","max-snippet":"max-snippet:-1","max-image-preview":"max-image-preview:large","max-video-preview":"max-video-preview:-1"},"og_locale":"es_ES","og_type":"article","og_title":"Ingreso de camiones con trigo al Gran Rosario en campa\u00f1a 22\/23 cae 80% en base anual - SAFRAS &amp; Mercado","og_description":"Entre el 1 de diciembre y el 26 de enero, el ingreso de camiones con trigo al Gran Rosario se encuentra un 83% por debajo del promedio de los \u00faltimos cinco a\u00f1os, con 484.440 toneladas, inform\u00f3 la Bolsa de Comercio de Rosario (BCR) con estimaciones propias y del Centro de entregadores de cereales, oleaginosos y [&hellip;]","og_url":"https:\/\/dev.novo.safras.com.br\/es\/ingreso-de-camiones-con-trigo-al-gran-rosario-en-campana-22-23-cae-80-en-base-anual\/","og_site_name":"SAFRAS &amp; Mercado","article_published_time":"2023-02-03T18:47:50+00:00","og_image":[{"width":612,"height":459,"url":"https:\/\/dev.novo.safras.com.br\/es\/wp-content\/uploads\/2022\/06\/TRIGO-Pixabay5-1.jpg","type":"image\/jpeg"}],"author":"Horacio Vera","twitter_card":"summary_large_image","twitter_misc":{"Escrito por":"Horacio Vera","Tiempo de lectura":"1 minuto"},"schema":{"@context":"https:\/\/schema.org","@graph":[{"@type":"WebPage","@id":"https:\/\/dev.novo.safras.com.br\/es\/ingreso-de-camiones-con-trigo-al-gran-rosario-en-campana-22-23-cae-80-en-base-anual\/","url":"https:\/\/dev.novo.safras.com.br\/es\/ingreso-de-camiones-con-trigo-al-gran-rosario-en-campana-22-23-cae-80-en-base-anual\/","name":"Ingreso de camiones con trigo al Gran Rosario en campa\u00f1a 22\/23 cae 80% en base anual - SAFRAS &amp; Mercado","isPartOf":{"@id":"https:\/\/dev.novo.safras.com.br\/es\/#website"},"primaryImageOfPage":{"@id":"https:\/\/dev.novo.safras.com.br\/es\/ingreso-de-camiones-con-trigo-al-gran-rosario-en-campana-22-23-cae-80-en-base-anual\/#primaryimage"},"image":{"@id":"https:\/\/dev.novo.safras.com.br\/es\/ingreso-de-camiones-con-trigo-al-gran-rosario-en-campana-22-23-cae-80-en-base-anual\/#primaryimage"},"thumbnailUrl":"https:\/\/dev.novo.safras.com.br\/es\/wp-content\/uploads\/2022\/06\/TRIGO-Pixabay5-1.jpg","datePublished":"2023-02-03T18:47:50+00:00","dateModified":"2023-02-03T18:47:50+00:00","author":{"@id":"https:\/\/dev.novo.safras.com.br\/es\/#\/schema\/person\/8a6e0df178260e340253292bf04da747"},"breadcrumb":{"@id":"https:\/\/dev.novo.safras.com.br\/es\/ingreso-de-camiones-con-trigo-al-gran-rosario-en-campana-22-23-cae-80-en-base-anual\/#breadcrumb"},"inLanguage":"es","potentialAction":[{"@type":"ReadAction","target":["https:\/\/dev.novo.safras.com.br\/es\/ingreso-de-camiones-con-trigo-al-gran-rosario-en-campana-22-23-cae-80-en-base-anual\/"]}]},{"@type":"ImageObject","inLanguage":"es","@id":"https:\/\/dev.novo.safras.com.br\/es\/ingreso-de-camiones-con-trigo-al-gran-rosario-en-campana-22-23-cae-80-en-base-anual\/#primaryimage","url":"https:\/\/dev.novo.safras.com.br\/es\/wp-content\/uploads\/2022\/06\/TRIGO-Pixabay5-1.jpg","contentUrl":"https:\/\/dev.novo.safras.com.br\/es\/wp-content\/uploads\/2022\/06\/TRIGO-Pixabay5-1.jpg","width":612,"height":459,"caption":"Trigo \/ Pixabay"},{"@type":"BreadcrumbList","@id":"https:\/\/dev.novo.safras.com.br\/es\/ingreso-de-camiones-con-trigo-al-gran-rosario-en-campana-22-23-cae-80-en-base-anual\/#breadcrumb","itemListElement":[{"@type":"ListItem","position":1,"name":"Portada","item":"https:\/\/dev.novo.safras.com.br\/es\/"},{"@type":"ListItem","position":2,"name":"Ingreso de camiones con trigo al Gran Rosario en campa\u00f1a 22\/23 cae 80% en base anual"}]},{"@type":"WebSite","@id":"https:\/\/dev.novo.safras.com.br\/es\/#website","url":"https:\/\/dev.novo.safras.com.br\/es\/","name":"SAFRAS &amp; Mercado","description":"El ecosistema de agronegocios","potentialAction":[{"@type":"SearchAction","target":{"@type":"EntryPoint","urlTemplate":"https:\/\/dev.novo.safras.com.br\/es\/?s={search_term_string}"},"query-input":"required name=search_term_string"}],"inLanguage":"es"},{"@type":"Person","@id":"https:\/\/dev.novo.safras.com.br\/es\/#\/schema\/person\/8a6e0df178260e340253292bf04da747","name":"Horacio Vera","image":{"@type":"ImageObject","inLanguage":"es","@id":"https:\/\/dev.novo.safras.com.br\/es\/#\/schema\/person\/image\/","url":"https:\/\/secure.gravatar.com\/avatar\/bc30669cd90fb2e21304f48bfae82357e2f9224933e78600478745d017747a8f?s=96&d=mm&r=g","contentUrl":"https:\/\/secure.gravatar.com\/avatar\/bc30669cd90fb2e21304f48bfae82357e2f9224933e78600478745d017747a8f?s=96&d=mm&r=g","caption":"Horacio Vera"},"url":"https:\/\/dev.novo.safras.com.br\/es\/author\/sf_horacio\/"}]}},"_links":{"self":[{"href":"https:\/\/dev.novo.safras.com.br\/es\/wp-json\/wp\/v2\/posts\/47091","targetHints":{"allow":["GET"]}}],"collection":[{"href":"https:\/\/dev.novo.safras.com.br\/es\/wp-json\/wp\/v2\/posts"}],"about":[{"href":"https:\/\/dev.novo.safras.com.br\/es\/wp-json\/wp\/v2\/types\/post"}],"author":[{"embeddable":true,"href":"https:\/\/dev.novo.safras.com.br\/es\/wp-json\/wp\/v2\/users\/13"}],"replies":[{"embeddable":true,"href":"https:\/\/dev.novo.safras.com.br\/es\/wp-json\/wp\/v2\/comments?post=47091"}],"version-history":[{"count":0,"href":"https:\/\/dev.novo.safras.com.br\/es\/wp-json\/wp\/v2\/posts\/47091\/revisions"}],"wp:featuredmedia":[{"embeddable":true,"href":"https:\/\/dev.novo.safras.com.br\/es\/wp-json\/wp\/v2\/media\/63884"}],"wp:attachment":[{"href":"https:\/\/dev.novo.safras.com.br\/es\/wp-json\/wp\/v2\/media?parent=47091"}],"wp:term":[{"taxonomy":"category","embeddable":true,"href":"https:\/\/dev.novo.safras.com.br\/es\/wp-json\/wp\/v2\/categories?post=47091"},{"taxonomy":"post_tag","embeddable":true,"href":"https:\/\/dev.novo.safras.com.br\/es\/wp-json\/wp\/v2\/tags?post=47091"},{"taxonomy":"commodity","embeddable":true,"href":"https:\/\/dev.novo.safras.com.br\/es\/wp-json\/wp\/v2\/commodity?post=47091"}],"curies":[{"name":"wp","href":"https:\/\/api.w.org\/{rel}","templated":true}]}}