{"id":44246,"date":"2022-11-04T17:39:13","date_gmt":"2022-11-04T20:39:13","guid":{"rendered":"https:\/\/safras.com.br\/?p=44246"},"modified":"2022-11-04T17:39:13","modified_gmt":"2022-11-04T20:39:13","slug":"entrevista-entre-rios-ajusta-proyecciones-para-trigo-y-maiz-tras-sequia-y-heladas-explica-bolsa-de-cereales-video","status":"publish","type":"post","link":"https:\/\/dev.novo.safras.com.br\/es\/entrevista-entre-rios-ajusta-proyecciones-para-trigo-y-maiz-tras-sequia-y-heladas-explica-bolsa-de-cereales-video\/","title":{"rendered":"ENTREVISTA: Entre R\u00edos ajusta proyecciones para trigo y ma\u00edz tras sequ\u00eda y heladas, explica Bolsa de Cereales (Video)"},"content":{"rendered":"\n<p><\/p>\n\n\n\n<p>Las precipitaciones registradas por la provincia de Entre R\u00edos han sido menores a otros a\u00f1os, desde el mes de mayo hasta la actualidad, las cuales han sido mucho m\u00e1s bajas hacia el centro-sur de la provincia que hacia el centro-norte, con lo cual se abre dos escenarios dispares.<\/p>\n\n\n\n<p>El centro-sur se ha acoplado a lo que ha sucedido con la sequ\u00eda en la regi\u00f3n n\u00facleo del pa\u00eds, en un escenario por debajo de lo normal, explic\u00f3 Pablo Fontanini, Ing. Agr\u00f3nomo e integrante del Sistema de Formaci\u00f3n de la Bolsa de Cereales de Entre R\u00edos en entrevista con SAFRAS &amp; Mercado. Vea en este link la entrevista completa: https:\/\/youtu.be\/tokU8dVsAUI.<\/p>\n\n\n\n<p>En el \u00e1rea de trigo, las expectativas muestran un \u00e1rea de siembra para la campa\u00f1a 2022\/23 con un peque\u00f1o incremento, totalizando 550 mil hect\u00e1reas mientras que esperan una disminuci\u00f3n del \u00e1rea del ma\u00edz total para 2022\/23 del 5%.<\/p>\n\n\n\n<p>\u00abSi pensamos en el ma\u00edz de primera, que ya fue sembrado, vemos que el \u00e1rea cae en 10% por las heladas, pero el \u00e1rea del ma\u00edz tard\u00edo que ser\u00e1 sembrado en la segunda quincena de diciembre, esperamos que tengan un incremento de quiz\u00e1s el 50%\u00bb, explic\u00f3 Fontanini.<\/p>\n\n\n\n<p>Julieta Marino \/ Agencia CMA Safras<\/p>\n","protected":false},"excerpt":{"rendered":"<p>Las precipitaciones registradas por la provincia de Entre R\u00edos han sido menores a otros a\u00f1os, desde el mes de mayo hasta la actualidad, las cuales han sido mucho m\u00e1s bajas hacia el centro-sur de la provincia que hacia el centro-norte, con lo cual se abre dos escenarios dispares. El centro-sur se ha acoplado a lo [&hellip;]<\/p>\n","protected":false},"author":19,"featured_media":44247,"comment_status":"closed","ping_status":"open","sticky":false,"template":"","format":"standard","meta":{"_acf_changed":false,"footnotes":""},"categories":[267],"tags":[],"commodity":[],"class_list":["post-44246","post","type-post","status-publish","format-standard","has-post-thumbnail","hentry","category-agronegocio-es"],"acf":[],"yoast_head":"<!-- This site is optimized with the Yoast SEO plugin v23.1 - https:\/\/yoast.com\/wordpress\/plugins\/seo\/ -->\n<title>ENTREVISTA: Entre R\u00edos ajusta proyecciones para trigo y ma\u00edz tras sequ\u00eda y heladas, explica Bolsa de Cereales (Video) - SAFRAS &amp; Mercado<\/title>\n<meta name=\"robots\" content=\"noindex, follow, max-snippet:-1, max-image-preview:large, max-video-preview:-1\" \/>\n<meta property=\"og:locale\" content=\"es_ES\" \/>\n<meta property=\"og:type\" content=\"article\" \/>\n<meta property=\"og:title\" content=\"ENTREVISTA: Entre R\u00edos ajusta proyecciones para trigo y ma\u00edz tras sequ\u00eda y heladas, explica Bolsa de Cereales (Video) - SAFRAS &amp; Mercado\" \/>\n<meta property=\"og:description\" content=\"Las precipitaciones registradas por la provincia de Entre R\u00edos han sido menores a otros a\u00f1os, desde el mes de mayo hasta la actualidad, las cuales han sido mucho m\u00e1s bajas hacia el centro-sur de la provincia que hacia el centro-norte, con lo cual se abre dos escenarios dispares. El centro-sur se ha acoplado a lo [&hellip;]\" \/>\n<meta property=\"og:url\" content=\"https:\/\/dev.novo.safras.com.br\/es\/entrevista-entre-rios-ajusta-proyecciones-para-trigo-y-maiz-tras-sequia-y-heladas-explica-bolsa-de-cereales-video\/\" \/>\n<meta property=\"og:site_name\" content=\"SAFRAS &amp; Mercado\" \/>\n<meta property=\"article:published_time\" content=\"2022-11-04T20:39:13+00:00\" \/>\n<meta property=\"og:image\" content=\"https:\/\/dev.novo.safras.com.br\/es\/wp-content\/uploads\/2022\/11\/Panorama-Latam.jpg\" \/>\n\t<meta property=\"og:image:width\" content=\"640\" \/>\n\t<meta property=\"og:image:height\" content=\"360\" \/>\n\t<meta property=\"og:image:type\" content=\"image\/jpeg\" \/>\n<meta name=\"author\" content=\"Julieta Marino\" \/>\n<meta name=\"twitter:card\" content=\"summary_large_image\" \/>\n<meta name=\"twitter:label1\" content=\"Escrito por\" \/>\n\t<meta name=\"twitter:data1\" content=\"Julieta Marino\" \/>\n\t<meta name=\"twitter:label2\" content=\"Tiempo de lectura\" \/>\n\t<meta name=\"twitter:data2\" content=\"2 minutos\" \/>\n<script type=\"application\/ld+json\" class=\"yoast-schema-graph\">{\"@context\":\"https:\/\/schema.org\",\"@graph\":[{\"@type\":\"WebPage\",\"@id\":\"https:\/\/dev.novo.safras.com.br\/es\/entrevista-entre-rios-ajusta-proyecciones-para-trigo-y-maiz-tras-sequia-y-heladas-explica-bolsa-de-cereales-video\/\",\"url\":\"https:\/\/dev.novo.safras.com.br\/es\/entrevista-entre-rios-ajusta-proyecciones-para-trigo-y-maiz-tras-sequia-y-heladas-explica-bolsa-de-cereales-video\/\",\"name\":\"ENTREVISTA: Entre R\u00edos ajusta proyecciones para trigo y ma\u00edz tras sequ\u00eda y heladas, explica Bolsa de Cereales (Video) - SAFRAS &amp; Mercado\",\"isPartOf\":{\"@id\":\"https:\/\/dev.novo.safras.com.br\/es\/#website\"},\"primaryImageOfPage\":{\"@id\":\"https:\/\/dev.novo.safras.com.br\/es\/entrevista-entre-rios-ajusta-proyecciones-para-trigo-y-maiz-tras-sequia-y-heladas-explica-bolsa-de-cereales-video\/#primaryimage\"},\"image\":{\"@id\":\"https:\/\/dev.novo.safras.com.br\/es\/entrevista-entre-rios-ajusta-proyecciones-para-trigo-y-maiz-tras-sequia-y-heladas-explica-bolsa-de-cereales-video\/#primaryimage\"},\"thumbnailUrl\":\"https:\/\/dev.novo.safras.com.br\/es\/wp-content\/uploads\/2022\/11\/Panorama-Latam.jpg\",\"datePublished\":\"2022-11-04T20:39:13+00:00\",\"dateModified\":\"2022-11-04T20:39:13+00:00\",\"author\":{\"@id\":\"https:\/\/dev.novo.safras.com.br\/es\/#\/schema\/person\/3416d9a13f71584c19d44af415b80774\"},\"breadcrumb\":{\"@id\":\"https:\/\/dev.novo.safras.com.br\/es\/entrevista-entre-rios-ajusta-proyecciones-para-trigo-y-maiz-tras-sequia-y-heladas-explica-bolsa-de-cereales-video\/#breadcrumb\"},\"inLanguage\":\"es\",\"potentialAction\":[{\"@type\":\"ReadAction\",\"target\":[\"https:\/\/dev.novo.safras.com.br\/es\/entrevista-entre-rios-ajusta-proyecciones-para-trigo-y-maiz-tras-sequia-y-heladas-explica-bolsa-de-cereales-video\/\"]}]},{\"@type\":\"ImageObject\",\"inLanguage\":\"es\",\"@id\":\"https:\/\/dev.novo.safras.com.br\/es\/entrevista-entre-rios-ajusta-proyecciones-para-trigo-y-maiz-tras-sequia-y-heladas-explica-bolsa-de-cereales-video\/#primaryimage\",\"url\":\"https:\/\/dev.novo.safras.com.br\/es\/wp-content\/uploads\/2022\/11\/Panorama-Latam.jpg\",\"contentUrl\":\"https:\/\/dev.novo.safras.com.br\/es\/wp-content\/uploads\/2022\/11\/Panorama-Latam.jpg\",\"width\":640,\"height\":360,\"caption\":\"Panorama Latam\"},{\"@type\":\"BreadcrumbList\",\"@id\":\"https:\/\/dev.novo.safras.com.br\/es\/entrevista-entre-rios-ajusta-proyecciones-para-trigo-y-maiz-tras-sequia-y-heladas-explica-bolsa-de-cereales-video\/#breadcrumb\",\"itemListElement\":[{\"@type\":\"ListItem\",\"position\":1,\"name\":\"Portada\",\"item\":\"https:\/\/dev.novo.safras.com.br\/es\/\"},{\"@type\":\"ListItem\",\"position\":2,\"name\":\"ENTREVISTA: Entre R\u00edos ajusta proyecciones para trigo y ma\u00edz tras sequ\u00eda y heladas, explica Bolsa de Cereales (Video)\"}]},{\"@type\":\"WebSite\",\"@id\":\"https:\/\/dev.novo.safras.com.br\/es\/#website\",\"url\":\"https:\/\/dev.novo.safras.com.br\/es\/\",\"name\":\"SAFRAS &amp; Mercado\",\"description\":\"El ecosistema de agronegocios\",\"potentialAction\":[{\"@type\":\"SearchAction\",\"target\":{\"@type\":\"EntryPoint\",\"urlTemplate\":\"https:\/\/dev.novo.safras.com.br\/es\/?s={search_term_string}\"},\"query-input\":\"required name=search_term_string\"}],\"inLanguage\":\"es\"},{\"@type\":\"Person\",\"@id\":\"https:\/\/dev.novo.safras.com.br\/es\/#\/schema\/person\/3416d9a13f71584c19d44af415b80774\",\"name\":\"Julieta Marino\",\"image\":{\"@type\":\"ImageObject\",\"inLanguage\":\"es\",\"@id\":\"https:\/\/dev.novo.safras.com.br\/es\/#\/schema\/person\/image\/\",\"url\":\"https:\/\/secure.gravatar.com\/avatar\/edb9a909cb969bf70267c5bad4733db348b286011e3a47666fcbe2263cd5c089?s=96&d=mm&r=g\",\"contentUrl\":\"https:\/\/secure.gravatar.com\/avatar\/edb9a909cb969bf70267c5bad4733db348b286011e3a47666fcbe2263cd5c089?s=96&d=mm&r=g\",\"caption\":\"Julieta Marino\"},\"url\":\"https:\/\/dev.novo.safras.com.br\/es\/author\/sf_julieta\/\"}]}<\/script>\n<!-- \/ Yoast SEO plugin. -->","yoast_head_json":{"title":"ENTREVISTA: Entre R\u00edos ajusta proyecciones para trigo y ma\u00edz tras sequ\u00eda y heladas, explica Bolsa de Cereales (Video) - SAFRAS &amp; Mercado","robots":{"index":"noindex","follow":"follow","max-snippet":"max-snippet:-1","max-image-preview":"max-image-preview:large","max-video-preview":"max-video-preview:-1"},"og_locale":"es_ES","og_type":"article","og_title":"ENTREVISTA: Entre R\u00edos ajusta proyecciones para trigo y ma\u00edz tras sequ\u00eda y heladas, explica Bolsa de Cereales (Video) - SAFRAS &amp; Mercado","og_description":"Las precipitaciones registradas por la provincia de Entre R\u00edos han sido menores a otros a\u00f1os, desde el mes de mayo hasta la actualidad, las cuales han sido mucho m\u00e1s bajas hacia el centro-sur de la provincia que hacia el centro-norte, con lo cual se abre dos escenarios dispares. El centro-sur se ha acoplado a lo [&hellip;]","og_url":"https:\/\/dev.novo.safras.com.br\/es\/entrevista-entre-rios-ajusta-proyecciones-para-trigo-y-maiz-tras-sequia-y-heladas-explica-bolsa-de-cereales-video\/","og_site_name":"SAFRAS &amp; Mercado","article_published_time":"2022-11-04T20:39:13+00:00","og_image":[{"width":640,"height":360,"url":"https:\/\/dev.novo.safras.com.br\/es\/wp-content\/uploads\/2022\/11\/Panorama-Latam.jpg","type":"image\/jpeg"}],"author":"Julieta Marino","twitter_card":"summary_large_image","twitter_misc":{"Escrito por":"Julieta Marino","Tiempo de lectura":"2 minutos"},"schema":{"@context":"https:\/\/schema.org","@graph":[{"@type":"WebPage","@id":"https:\/\/dev.novo.safras.com.br\/es\/entrevista-entre-rios-ajusta-proyecciones-para-trigo-y-maiz-tras-sequia-y-heladas-explica-bolsa-de-cereales-video\/","url":"https:\/\/dev.novo.safras.com.br\/es\/entrevista-entre-rios-ajusta-proyecciones-para-trigo-y-maiz-tras-sequia-y-heladas-explica-bolsa-de-cereales-video\/","name":"ENTREVISTA: Entre R\u00edos ajusta proyecciones para trigo y ma\u00edz tras sequ\u00eda y heladas, explica Bolsa de Cereales (Video) - SAFRAS &amp; Mercado","isPartOf":{"@id":"https:\/\/dev.novo.safras.com.br\/es\/#website"},"primaryImageOfPage":{"@id":"https:\/\/dev.novo.safras.com.br\/es\/entrevista-entre-rios-ajusta-proyecciones-para-trigo-y-maiz-tras-sequia-y-heladas-explica-bolsa-de-cereales-video\/#primaryimage"},"image":{"@id":"https:\/\/dev.novo.safras.com.br\/es\/entrevista-entre-rios-ajusta-proyecciones-para-trigo-y-maiz-tras-sequia-y-heladas-explica-bolsa-de-cereales-video\/#primaryimage"},"thumbnailUrl":"https:\/\/dev.novo.safras.com.br\/es\/wp-content\/uploads\/2022\/11\/Panorama-Latam.jpg","datePublished":"2022-11-04T20:39:13+00:00","dateModified":"2022-11-04T20:39:13+00:00","author":{"@id":"https:\/\/dev.novo.safras.com.br\/es\/#\/schema\/person\/3416d9a13f71584c19d44af415b80774"},"breadcrumb":{"@id":"https:\/\/dev.novo.safras.com.br\/es\/entrevista-entre-rios-ajusta-proyecciones-para-trigo-y-maiz-tras-sequia-y-heladas-explica-bolsa-de-cereales-video\/#breadcrumb"},"inLanguage":"es","potentialAction":[{"@type":"ReadAction","target":["https:\/\/dev.novo.safras.com.br\/es\/entrevista-entre-rios-ajusta-proyecciones-para-trigo-y-maiz-tras-sequia-y-heladas-explica-bolsa-de-cereales-video\/"]}]},{"@type":"ImageObject","inLanguage":"es","@id":"https:\/\/dev.novo.safras.com.br\/es\/entrevista-entre-rios-ajusta-proyecciones-para-trigo-y-maiz-tras-sequia-y-heladas-explica-bolsa-de-cereales-video\/#primaryimage","url":"https:\/\/dev.novo.safras.com.br\/es\/wp-content\/uploads\/2022\/11\/Panorama-Latam.jpg","contentUrl":"https:\/\/dev.novo.safras.com.br\/es\/wp-content\/uploads\/2022\/11\/Panorama-Latam.jpg","width":640,"height":360,"caption":"Panorama Latam"},{"@type":"BreadcrumbList","@id":"https:\/\/dev.novo.safras.com.br\/es\/entrevista-entre-rios-ajusta-proyecciones-para-trigo-y-maiz-tras-sequia-y-heladas-explica-bolsa-de-cereales-video\/#breadcrumb","itemListElement":[{"@type":"ListItem","position":1,"name":"Portada","item":"https:\/\/dev.novo.safras.com.br\/es\/"},{"@type":"ListItem","position":2,"name":"ENTREVISTA: Entre R\u00edos ajusta proyecciones para trigo y ma\u00edz tras sequ\u00eda y heladas, explica Bolsa de Cereales (Video)"}]},{"@type":"WebSite","@id":"https:\/\/dev.novo.safras.com.br\/es\/#website","url":"https:\/\/dev.novo.safras.com.br\/es\/","name":"SAFRAS &amp; Mercado","description":"El ecosistema de agronegocios","potentialAction":[{"@type":"SearchAction","target":{"@type":"EntryPoint","urlTemplate":"https:\/\/dev.novo.safras.com.br\/es\/?s={search_term_string}"},"query-input":"required name=search_term_string"}],"inLanguage":"es"},{"@type":"Person","@id":"https:\/\/dev.novo.safras.com.br\/es\/#\/schema\/person\/3416d9a13f71584c19d44af415b80774","name":"Julieta Marino","image":{"@type":"ImageObject","inLanguage":"es","@id":"https:\/\/dev.novo.safras.com.br\/es\/#\/schema\/person\/image\/","url":"https:\/\/secure.gravatar.com\/avatar\/edb9a909cb969bf70267c5bad4733db348b286011e3a47666fcbe2263cd5c089?s=96&d=mm&r=g","contentUrl":"https:\/\/secure.gravatar.com\/avatar\/edb9a909cb969bf70267c5bad4733db348b286011e3a47666fcbe2263cd5c089?s=96&d=mm&r=g","caption":"Julieta Marino"},"url":"https:\/\/dev.novo.safras.com.br\/es\/author\/sf_julieta\/"}]}},"_links":{"self":[{"href":"https:\/\/dev.novo.safras.com.br\/es\/wp-json\/wp\/v2\/posts\/44246","targetHints":{"allow":["GET"]}}],"collection":[{"href":"https:\/\/dev.novo.safras.com.br\/es\/wp-json\/wp\/v2\/posts"}],"about":[{"href":"https:\/\/dev.novo.safras.com.br\/es\/wp-json\/wp\/v2\/types\/post"}],"author":[{"embeddable":true,"href":"https:\/\/dev.novo.safras.com.br\/es\/wp-json\/wp\/v2\/users\/19"}],"replies":[{"embeddable":true,"href":"https:\/\/dev.novo.safras.com.br\/es\/wp-json\/wp\/v2\/comments?post=44246"}],"version-history":[{"count":0,"href":"https:\/\/dev.novo.safras.com.br\/es\/wp-json\/wp\/v2\/posts\/44246\/revisions"}],"wp:featuredmedia":[{"embeddable":true,"href":"https:\/\/dev.novo.safras.com.br\/es\/wp-json\/wp\/v2\/media\/44247"}],"wp:attachment":[{"href":"https:\/\/dev.novo.safras.com.br\/es\/wp-json\/wp\/v2\/media?parent=44246"}],"wp:term":[{"taxonomy":"category","embeddable":true,"href":"https:\/\/dev.novo.safras.com.br\/es\/wp-json\/wp\/v2\/categories?post=44246"},{"taxonomy":"post_tag","embeddable":true,"href":"https:\/\/dev.novo.safras.com.br\/es\/wp-json\/wp\/v2\/tags?post=44246"},{"taxonomy":"commodity","embeddable":true,"href":"https:\/\/dev.novo.safras.com.br\/es\/wp-json\/wp\/v2\/commodity?post=44246"}],"curies":[{"name":"wp","href":"https:\/\/api.w.org\/{rel}","templated":true}]}}